{"id":333,"date":"2009-05-29T22:16:21","date_gmt":"2009-05-29T20:16:21","guid":{"rendered":"http:\/\/blog.alu.hr\/?p=333"},"modified":"2013-03-26T20:53:51","modified_gmt":"2013-03-26T18:53:51","slug":"izlozba-studenata-u-mocvari","status":"publish","type":"post","link":"https:\/\/blog.alu.hr\/?p=333","title":{"rendered":"Izlo\u017eba studenata u MO\u010cVARI"},"content":{"rendered":"<p>do\u0111ite na zanimljivu interaktivnu izlo\u017ebu stidenata Zg Alu i zabavite se uz pokoju cugu i dobru mjuzu a la mo\u010dvara&#8230;.i naravno kulturno du\u0161evno izdizanje prije svega<\/p>\n<p>Luka Hrgovi\u0107, Petra Hudi\u0107, Vanja Babi\u0107, Marija Golub, Stjepan Milas, Iva Habus, Martin Mrzljak, Vida Guzmi\u0107, Dajana Dorki\u0107, Mateja \u0160abi\u0107, Jo\u017ea Horvat, Snje\u017eana Ban, Butkovi\u0107 Iva, Ana Zubak, Lovarka \u0160ari\u0107, Marija Lovri\u0107, Anja Serdar, Ivan Tudek, Marita Stani\u0107, Andreja Vivoda, \u017deljka Grobotek, Marica Vitas, Nikolina Butorac, Sabina Mikeli\u0107, Vlatka \u0160koro otprilike&#8230;koji vi\u0161e ili manje \ud83d\ude1b<\/p>\n<blockquote class=\"wp-embedded-content\" data-secret=\"9Fjtq3Tew1\"><p><a href=\"https:\/\/mochvara.hr\/\">Home<\/a><\/p><\/blockquote>\n<p><iframe loading=\"lazy\" class=\"wp-embedded-content\" sandbox=\"allow-scripts\" security=\"restricted\" style=\"position: absolute; visibility: hidden;\" title=\"&#8220;Home&#8221; &#8212; Klub Mo\u010dvara\" src=\"https:\/\/mochvara.hr\/embed\/#?secret=2ELHvwlRD0#?secret=9Fjtq3Tew1\" data-secret=\"9Fjtq3Tew1\" width=\"600\" height=\"338\" frameborder=\"0\" marginwidth=\"0\" marginheight=\"0\" scrolling=\"no\"><\/iframe><br \/>\nhttp:\/\/www.mochvara.hr\/programi\/cetvrtak-28.05.-20.00.html<\/p>\n","protected":false},"excerpt":{"rendered":"<p>do\u0111ite na zanimljivu interaktivnu izlo\u017ebu stidenata Zg Alu i zabavite se uz pokoju cugu i dobru mjuzu a la mo\u010dvara&#8230;.i naravno kulturno du\u0161evno izdizanje prije svega Luka Hrgovi\u0107, Petra Hudi\u0107, Vanja Babi\u0107, Marija Golub, Stjepan Milas, Iva Habus, Martin Mrzljak, Vida Guzmi\u0107, Dajana Dorki\u0107, Mateja \u0160abi\u0107, Jo\u017ea Horvat, Snje\u017eana Ban, Butkovi\u0107 Iva, Ana Zubak, Lovarka &hellip; <a href=\"https:\/\/blog.alu.hr\/?p=333\" class=\"more-link\">Continue reading<span class=\"screen-reader-text\"> &#8220;Izlo\u017eba studenata u MO\u010cVARI&#8221;<\/span><\/a><\/p>\n","protected":false},"author":2,"featured_media":0,"comment_status":"closed","ping_status":"closed","sticky":false,"template":"","format":"standard","meta":{"footnotes":""},"categories":[1],"tags":[],"class_list":["post-333","post","type-post","status-publish","format-standard","hentry","category-uncategorized"],"_links":{"self":[{"href":"https:\/\/blog.alu.hr\/index.php?rest_route=\/wp\/v2\/posts\/333","targetHints":{"allow":["GET"]}}],"collection":[{"href":"https:\/\/blog.alu.hr\/index.php?rest_route=\/wp\/v2\/posts"}],"about":[{"href":"https:\/\/blog.alu.hr\/index.php?rest_route=\/wp\/v2\/types\/post"}],"author":[{"embeddable":true,"href":"https:\/\/blog.alu.hr\/index.php?rest_route=\/wp\/v2\/users\/2"}],"replies":[{"embeddable":true,"href":"https:\/\/blog.alu.hr\/index.php?rest_route=%2Fwp%2Fv2%2Fcomments&post=333"}],"version-history":[{"count":3,"href":"https:\/\/blog.alu.hr\/index.php?rest_route=\/wp\/v2\/posts\/333\/revisions"}],"predecessor-version":[{"id":338,"href":"https:\/\/blog.alu.hr\/index.php?rest_route=\/wp\/v2\/posts\/333\/revisions\/338"}],"wp:attachment":[{"href":"https:\/\/blog.alu.hr\/index.php?rest_route=%2Fwp%2Fv2%2Fmedia&parent=333"}],"wp:term":[{"taxonomy":"category","embeddable":true,"href":"https:\/\/blog.alu.hr\/index.php?rest_route=%2Fwp%2Fv2%2Fcategories&post=333"},{"taxonomy":"post_tag","embeddable":true,"href":"https:\/\/blog.alu.hr\/index.php?rest_route=%2Fwp%2Fv2%2Ftags&post=333"}],"curies":[{"name":"wp","href":"https:\/\/api.w.org\/{rel}","templated":true}]}}