{"id":2366,"date":"2016-06-06T00:36:04","date_gmt":"2016-06-05T22:36:04","guid":{"rendered":"http:\/\/blog.alu.hr\/?p=2366"},"modified":"2019-12-10T23:30:33","modified_gmt":"2019-12-10T21:30:33","slug":"pozivamo-vas-na-otvorenje-zavrsne-izlozbe-studenata-odsjeka-za-animirani-film-i-nove-medije-u-srijedu-1-lipnja","status":"publish","type":"post","link":"https:\/\/blog.alu.hr\/?p=2366","title":{"rendered":"Otvorenje zavr\u0161ne izlo\u017ebe studenata Odsjeka za animirani film i nove medije"},"content":{"rendered":"<p><a href=\"https:\/\/blog.alu.hr\/wp-content\/uploads\/2016\/06\/13329415_577451099096338_7838881335113673815_o.jpg\"><img loading=\"lazy\" decoding=\"async\" class=\"alignnone size-medium wp-image-2367\" alt=\"13329415_577451099096338_7838881335113673815_o\" src=\"https:\/\/blog.alu.hr\/wp-content\/uploads\/2016\/06\/13329415_577451099096338_7838881335113673815_o-300x168.jpg\" width=\"300\" height=\"168\" srcset=\"https:\/\/blog.alu.hr\/wp-content\/uploads\/2016\/06\/13329415_577451099096338_7838881335113673815_o-300x168.jpg 300w, https:\/\/blog.alu.hr\/wp-content\/uploads\/2016\/06\/13329415_577451099096338_7838881335113673815_o-1024x576.jpg 1024w, https:\/\/blog.alu.hr\/wp-content\/uploads\/2016\/06\/13329415_577451099096338_7838881335113673815_o.jpg 1920w\" sizes=\"auto, (max-width: 300px) 85vw, 300px\" \/><\/a><\/p>\n<p>Pozivamo vas na otvorenje zavr\u0161ne izlo\u017ebe studenata Odsjeka za animirani film i nove medije u srijedu, 1. lipnja.<\/p>\n<p>U 19:00 sati u Slavi Ra\u0161kaj, Ilica 85, 3. kat.<br \/>\nU 20:00 sati u Zagorskoj 16.<br \/>\nIli kako ve\u0107<\/p>\n<p>Izlo\u017eba \u0107e biti otvorena do 8. lipnja, radnim danom od 12 do 20 sati..<\/p>\n<p>Odsjek za Animirani film i nove medije<\/p>\n","protected":false},"excerpt":{"rendered":"<p>Pozivamo vas na otvorenje zavr\u0161ne izlo\u017ebe studenata Odsjeka za animirani film i nove medije u srijedu, 1. lipnja. U 19:00 sati u Slavi Ra\u0161kaj, Ilica 85, 3. kat. U 20:00 sati u Zagorskoj 16. Ili kako ve\u0107 Izlo\u017eba \u0107e biti otvorena do 8. lipnja, radnim danom od 12 do 20 sati.. Odsjek za Animirani film &hellip; <a href=\"https:\/\/blog.alu.hr\/?p=2366\" class=\"more-link\">Continue reading<span class=\"screen-reader-text\"> &#8220;Otvorenje zavr\u0161ne izlo\u017ebe studenata Odsjeka za animirani film i nove medije&#8221;<\/span><\/a><\/p>\n","protected":false},"author":2,"featured_media":0,"comment_status":"closed","ping_status":"closed","sticky":false,"template":"","format":"standard","meta":{"footnotes":""},"categories":[1],"tags":[],"class_list":["post-2366","post","type-post","status-publish","format-standard","hentry","category-uncategorized"],"_links":{"self":[{"href":"https:\/\/blog.alu.hr\/index.php?rest_route=\/wp\/v2\/posts\/2366","targetHints":{"allow":["GET"]}}],"collection":[{"href":"https:\/\/blog.alu.hr\/index.php?rest_route=\/wp\/v2\/posts"}],"about":[{"href":"https:\/\/blog.alu.hr\/index.php?rest_route=\/wp\/v2\/types\/post"}],"author":[{"embeddable":true,"href":"https:\/\/blog.alu.hr\/index.php?rest_route=\/wp\/v2\/users\/2"}],"replies":[{"embeddable":true,"href":"https:\/\/blog.alu.hr\/index.php?rest_route=%2Fwp%2Fv2%2Fcomments&post=2366"}],"version-history":[{"count":3,"href":"https:\/\/blog.alu.hr\/index.php?rest_route=\/wp\/v2\/posts\/2366\/revisions"}],"predecessor-version":[{"id":2987,"href":"https:\/\/blog.alu.hr\/index.php?rest_route=\/wp\/v2\/posts\/2366\/revisions\/2987"}],"wp:attachment":[{"href":"https:\/\/blog.alu.hr\/index.php?rest_route=%2Fwp%2Fv2%2Fmedia&parent=2366"}],"wp:term":[{"taxonomy":"category","embeddable":true,"href":"https:\/\/blog.alu.hr\/index.php?rest_route=%2Fwp%2Fv2%2Fcategories&post=2366"},{"taxonomy":"post_tag","embeddable":true,"href":"https:\/\/blog.alu.hr\/index.php?rest_route=%2Fwp%2Fv2%2Ftags&post=2366"}],"curies":[{"name":"wp","href":"https:\/\/api.w.org\/{rel}","templated":true}]}}